{"id":594,"date":"2024-01-31T09:40:16","date_gmt":"2024-01-31T08:40:16","guid":{"rendered":"https:\/\/sloneczkobb.pl\/?p=594"},"modified":"2024-01-31T09:40:18","modified_gmt":"2024-01-31T08:40:18","slug":"bal-karnawalowy-sprawy-biezace","status":"publish","type":"post","link":"https:\/\/sloneczkobb.pl\/index.php\/2024\/01\/31\/bal-karnawalowy-sprawy-biezace\/","title":{"rendered":"BAL KARNAWA\u0141OWY &#8211; sprawy bie\u017c\u0105ce"},"content":{"rendered":"<style type=\"text\/css\"><\/style>\n<p>Dzie\u0144 Dobry drodzy Rodzice.<\/p>\n\n\n\n<ol class=\"wp-block-list\">\n<li>Dwa tygodnie temu poinformowa\u0142am Pa\u0144stwa o planowanym balu karnawa\u0142owym na 8.02.2024 r. jednak z wa\u017cnych powod\u00f3w organizacyjnych zostaje przeniesiony na na 9.02.2024 r.  Szczeg\u00f3\u0142y dotycz\u0105ce balu otrzymacie Pa\u0144stwo informacj\u0105 sms od wychowawcy.<\/li>\n\n\n\n<li>Przekazuj\u0119 Pa\u0144stwu informacj\u0119, \u017ce nawi\u0105zali\u015bmy wsp\u00f3\u0142prac\u0119 z firm\u0105 Coccodrillo,  kt\u00f3rej przedstawicielk\u0105 jest matka dzieci ucz\u0119szczaj\u0105cych do naszego przedszkola. Wszystkie dzieci otrzyma\u0142y malowank\u0119, 2 grupy otrzyma\u0142y pomoce dydaktyczne, pozosta\u0142e 2 w p\u00f3\u017aniejszym terminie.  Ka\u017cdy rodzic otrzyma u wychowawcy kart\u0119 rabatow\u0105 wa\u017cn\u0105 do 31.03.2024 r.  kt\u00f3r\u0105 mo\u017cna zrealizowa\u0107  w salonie Coccodrillo w Bielsku-Bia\u0142ej ul. 11 Listopada 24. <\/li>\n\n\n\n<li><strong>19.02.2024 r<\/strong>. rozpoczynamy rekrutacj\u0119 dzieci na rok szkolny 2024\/25. Wszystkie informacje w szczeg\u00f3lno\u015bci terminy zapis\u00f3w b\u0119d\u0105 dost\u0119pne od 19.02.2024  na naszej stronie internetowej <strong>www.sloneczkobb.pl<\/strong> w  zak\u0142adce <strong>NAB\u00d3R 2024\/25<\/strong> <\/li>\n<\/ol>\n\n\n\n<p><\/p>\n\n\n\n<p><\/p>\n","protected":false},"excerpt":{"rendered":"<p>Dzie\u0144 Dobry drodzy Rodzice.<\/p>\n","protected":false},"author":2,"featured_media":0,"comment_status":"open","ping_status":"open","sticky":false,"template":"","format":"standard","meta":{"_monsterinsights_skip_tracking":false,"_monsterinsights_sitenote_active":false,"_monsterinsights_sitenote_note":"","_monsterinsights_sitenote_category":0,"footnotes":""},"categories":[1],"tags":[],"class_list":["post-594","post","type-post","status-publish","format-standard","hentry","category-aktualnosci"],"yoast_head":"<!-- This site is optimized with the Yoast SEO plugin v23.1 - https:\/\/yoast.com\/wordpress\/plugins\/seo\/ -->\n<title>BAL KARNAWA\u0141OWY - sprawy bie\u017c\u0105ce - Niepubliczne Przedszkole S\u0142oneczko<\/title>\n<meta name=\"robots\" content=\"index, follow, max-snippet:-1, max-image-preview:large, max-video-preview:-1\" \/>\n<link rel=\"canonical\" href=\"https:\/\/sloneczkobb.pl\/index.php\/2024\/01\/31\/bal-karnawalowy-sprawy-biezace\/\" \/>\n<meta property=\"og:locale\" content=\"pl_PL\" \/>\n<meta property=\"og:type\" content=\"article\" \/>\n<meta property=\"og:title\" content=\"BAL KARNAWA\u0141OWY - sprawy bie\u017c\u0105ce - Niepubliczne Przedszkole S\u0142oneczko\" \/>\n<meta property=\"og:description\" content=\"Dzie\u0144 Dobry drodzy Rodzice.\" \/>\n<meta property=\"og:url\" content=\"https:\/\/sloneczkobb.pl\/index.php\/2024\/01\/31\/bal-karnawalowy-sprawy-biezace\/\" \/>\n<meta property=\"og:site_name\" content=\"Niepubliczne Przedszkole S\u0142oneczko\" \/>\n<meta property=\"article:published_time\" content=\"2024-01-31T08:40:16+00:00\" \/>\n<meta property=\"article:modified_time\" content=\"2024-01-31T08:40:18+00:00\" \/>\n<meta name=\"author\" content=\"Izabela Wiercigroch\" \/>\n<meta name=\"twitter:card\" content=\"summary_large_image\" \/>\n<meta name=\"twitter:label1\" content=\"Napisane przez\" \/>\n\t<meta name=\"twitter:data1\" content=\"Izabela Wiercigroch\" \/>\n\t<meta name=\"twitter:label2\" content=\"Szacowany czas czytania\" \/>\n\t<meta name=\"twitter:data2\" content=\"1 minuta\" \/>\n<script type=\"application\/ld+json\" class=\"yoast-schema-graph\">{\"@context\":\"https:\/\/schema.org\",\"@graph\":[{\"@type\":\"WebPage\",\"@id\":\"https:\/\/sloneczkobb.pl\/index.php\/2024\/01\/31\/bal-karnawalowy-sprawy-biezace\/\",\"url\":\"https:\/\/sloneczkobb.pl\/index.php\/2024\/01\/31\/bal-karnawalowy-sprawy-biezace\/\",\"name\":\"BAL KARNAWA\u0141OWY - sprawy bie\u017c\u0105ce - Niepubliczne Przedszkole S\u0142oneczko\",\"isPartOf\":{\"@id\":\"https:\/\/sloneczkobb.pl\/#website\"},\"datePublished\":\"2024-01-31T08:40:16+00:00\",\"dateModified\":\"2024-01-31T08:40:18+00:00\",\"author\":{\"@id\":\"https:\/\/sloneczkobb.pl\/#\/schema\/person\/1b457d1a2a9c50271f044b6faa5599d0\"},\"breadcrumb\":{\"@id\":\"https:\/\/sloneczkobb.pl\/index.php\/2024\/01\/31\/bal-karnawalowy-sprawy-biezace\/#breadcrumb\"},\"inLanguage\":\"pl-PL\",\"potentialAction\":[{\"@type\":\"ReadAction\",\"target\":[\"https:\/\/sloneczkobb.pl\/index.php\/2024\/01\/31\/bal-karnawalowy-sprawy-biezace\/\"]}]},{\"@type\":\"BreadcrumbList\",\"@id\":\"https:\/\/sloneczkobb.pl\/index.php\/2024\/01\/31\/bal-karnawalowy-sprawy-biezace\/#breadcrumb\",\"itemListElement\":[{\"@type\":\"ListItem\",\"position\":1,\"name\":\"Start\",\"item\":\"https:\/\/sloneczkobb.pl\/\"},{\"@type\":\"ListItem\",\"position\":2,\"name\":\"BAL KARNAWA\u0141OWY &#8211; sprawy bie\u017c\u0105ce\"}]},{\"@type\":\"WebSite\",\"@id\":\"https:\/\/sloneczkobb.pl\/#website\",\"url\":\"https:\/\/sloneczkobb.pl\/\",\"name\":\"Niepubliczne Przedszkole S\u0142oneczko\",\"description\":\"S\u0142oneczko \u015bwieci dla ma\u0142ych dzieci\",\"potentialAction\":[{\"@type\":\"SearchAction\",\"target\":{\"@type\":\"EntryPoint\",\"urlTemplate\":\"https:\/\/sloneczkobb.pl\/?s={search_term_string}\"},\"query-input\":\"required name=search_term_string\"}],\"inLanguage\":\"pl-PL\"},{\"@type\":\"Person\",\"@id\":\"https:\/\/sloneczkobb.pl\/#\/schema\/person\/1b457d1a2a9c50271f044b6faa5599d0\",\"name\":\"Izabela Wiercigroch\",\"image\":{\"@type\":\"ImageObject\",\"inLanguage\":\"pl-PL\",\"@id\":\"https:\/\/sloneczkobb.pl\/#\/schema\/person\/image\/\",\"url\":\"https:\/\/secure.gravatar.com\/avatar\/7374878250d329f4e6c376fff6bb436c919bd0fa8d7e4b202418efbd630ffeac?s=96&d=mm&r=g\",\"contentUrl\":\"https:\/\/secure.gravatar.com\/avatar\/7374878250d329f4e6c376fff6bb436c919bd0fa8d7e4b202418efbd630ffeac?s=96&d=mm&r=g\",\"caption\":\"Izabela Wiercigroch\"},\"url\":\"https:\/\/sloneczkobb.pl\/index.php\/author\/paniza\/\"}]}<\/script>\n<!-- \/ Yoast SEO plugin. -->","yoast_head_json":{"title":"BAL KARNAWA\u0141OWY - sprawy bie\u017c\u0105ce - Niepubliczne Przedszkole S\u0142oneczko","robots":{"index":"index","follow":"follow","max-snippet":"max-snippet:-1","max-image-preview":"max-image-preview:large","max-video-preview":"max-video-preview:-1"},"canonical":"https:\/\/sloneczkobb.pl\/index.php\/2024\/01\/31\/bal-karnawalowy-sprawy-biezace\/","og_locale":"pl_PL","og_type":"article","og_title":"BAL KARNAWA\u0141OWY - sprawy bie\u017c\u0105ce - Niepubliczne Przedszkole S\u0142oneczko","og_description":"Dzie\u0144 Dobry drodzy Rodzice.","og_url":"https:\/\/sloneczkobb.pl\/index.php\/2024\/01\/31\/bal-karnawalowy-sprawy-biezace\/","og_site_name":"Niepubliczne Przedszkole S\u0142oneczko","article_published_time":"2024-01-31T08:40:16+00:00","article_modified_time":"2024-01-31T08:40:18+00:00","author":"Izabela Wiercigroch","twitter_card":"summary_large_image","twitter_misc":{"Napisane przez":"Izabela Wiercigroch","Szacowany czas czytania":"1 minuta"},"schema":{"@context":"https:\/\/schema.org","@graph":[{"@type":"WebPage","@id":"https:\/\/sloneczkobb.pl\/index.php\/2024\/01\/31\/bal-karnawalowy-sprawy-biezace\/","url":"https:\/\/sloneczkobb.pl\/index.php\/2024\/01\/31\/bal-karnawalowy-sprawy-biezace\/","name":"BAL KARNAWA\u0141OWY - sprawy bie\u017c\u0105ce - Niepubliczne Przedszkole S\u0142oneczko","isPartOf":{"@id":"https:\/\/sloneczkobb.pl\/#website"},"datePublished":"2024-01-31T08:40:16+00:00","dateModified":"2024-01-31T08:40:18+00:00","author":{"@id":"https:\/\/sloneczkobb.pl\/#\/schema\/person\/1b457d1a2a9c50271f044b6faa5599d0"},"breadcrumb":{"@id":"https:\/\/sloneczkobb.pl\/index.php\/2024\/01\/31\/bal-karnawalowy-sprawy-biezace\/#breadcrumb"},"inLanguage":"pl-PL","potentialAction":[{"@type":"ReadAction","target":["https:\/\/sloneczkobb.pl\/index.php\/2024\/01\/31\/bal-karnawalowy-sprawy-biezace\/"]}]},{"@type":"BreadcrumbList","@id":"https:\/\/sloneczkobb.pl\/index.php\/2024\/01\/31\/bal-karnawalowy-sprawy-biezace\/#breadcrumb","itemListElement":[{"@type":"ListItem","position":1,"name":"Start","item":"https:\/\/sloneczkobb.pl\/"},{"@type":"ListItem","position":2,"name":"BAL KARNAWA\u0141OWY &#8211; sprawy bie\u017c\u0105ce"}]},{"@type":"WebSite","@id":"https:\/\/sloneczkobb.pl\/#website","url":"https:\/\/sloneczkobb.pl\/","name":"Niepubliczne Przedszkole S\u0142oneczko","description":"S\u0142oneczko \u015bwieci dla ma\u0142ych dzieci","potentialAction":[{"@type":"SearchAction","target":{"@type":"EntryPoint","urlTemplate":"https:\/\/sloneczkobb.pl\/?s={search_term_string}"},"query-input":"required name=search_term_string"}],"inLanguage":"pl-PL"},{"@type":"Person","@id":"https:\/\/sloneczkobb.pl\/#\/schema\/person\/1b457d1a2a9c50271f044b6faa5599d0","name":"Izabela Wiercigroch","image":{"@type":"ImageObject","inLanguage":"pl-PL","@id":"https:\/\/sloneczkobb.pl\/#\/schema\/person\/image\/","url":"https:\/\/secure.gravatar.com\/avatar\/7374878250d329f4e6c376fff6bb436c919bd0fa8d7e4b202418efbd630ffeac?s=96&d=mm&r=g","contentUrl":"https:\/\/secure.gravatar.com\/avatar\/7374878250d329f4e6c376fff6bb436c919bd0fa8d7e4b202418efbd630ffeac?s=96&d=mm&r=g","caption":"Izabela Wiercigroch"},"url":"https:\/\/sloneczkobb.pl\/index.php\/author\/paniza\/"}]}},"_links":{"self":[{"href":"https:\/\/sloneczkobb.pl\/index.php\/wp-json\/wp\/v2\/posts\/594","targetHints":{"allow":["GET"]}}],"collection":[{"href":"https:\/\/sloneczkobb.pl\/index.php\/wp-json\/wp\/v2\/posts"}],"about":[{"href":"https:\/\/sloneczkobb.pl\/index.php\/wp-json\/wp\/v2\/types\/post"}],"author":[{"embeddable":true,"href":"https:\/\/sloneczkobb.pl\/index.php\/wp-json\/wp\/v2\/users\/2"}],"replies":[{"embeddable":true,"href":"https:\/\/sloneczkobb.pl\/index.php\/wp-json\/wp\/v2\/comments?post=594"}],"version-history":[{"count":1,"href":"https:\/\/sloneczkobb.pl\/index.php\/wp-json\/wp\/v2\/posts\/594\/revisions"}],"predecessor-version":[{"id":595,"href":"https:\/\/sloneczkobb.pl\/index.php\/wp-json\/wp\/v2\/posts\/594\/revisions\/595"}],"wp:attachment":[{"href":"https:\/\/sloneczkobb.pl\/index.php\/wp-json\/wp\/v2\/media?parent=594"}],"wp:term":[{"taxonomy":"category","embeddable":true,"href":"https:\/\/sloneczkobb.pl\/index.php\/wp-json\/wp\/v2\/categories?post=594"},{"taxonomy":"post_tag","embeddable":true,"href":"https:\/\/sloneczkobb.pl\/index.php\/wp-json\/wp\/v2\/tags?post=594"}],"curies":[{"name":"wp","href":"https:\/\/api.w.org\/{rel}","templated":true}]}}