{"id":940,"date":"2025-11-03T09:49:23","date_gmt":"2025-11-03T08:49:23","guid":{"rendered":"https:\/\/sloneczkobb.pl\/?p=940"},"modified":"2025-11-03T09:49:24","modified_gmt":"2025-11-03T08:49:24","slug":"przedszkole-do-hymnu","status":"publish","type":"post","link":"https:\/\/sloneczkobb.pl\/index.php\/2025\/11\/03\/przedszkole-do-hymnu\/","title":{"rendered":"przedszkole do hymnu"},"content":{"rendered":"<style type=\"text\/css\"><\/style>\n<p>Przed nami Narodowe \u015awi\u0119to Niepodleg\u0142o\u015bci. Nasze przedszkole bierze udzia\u0142 we wsp\u00f3lnym od\u015bpiewaniu \u201eMazurka D\u0105browskiego\u201d. <\/p>\n\n\n\n<p>W dniu 7 listopada o godzinie 11:11 wsp\u00f3lnie od\u015bpiewamy hymn.<\/p>\n\n\n\n<figure class=\"wp-block-gallery has-nested-images columns-default is-cropped wp-block-gallery-1 is-layout-flex wp-block-gallery-is-layout-flex\">\n<figure class=\"wp-block-image size-large\"><img fetchpriority=\"high\" decoding=\"async\" width=\"940\" height=\"788\" data-id=\"941\" src=\"https:\/\/sloneczkobb.pl\/wp-content\/uploads\/2025\/11\/3b426261-3d18-49b3-865b-f2da8ef3c26d.jpeg\" alt=\"\" class=\"wp-image-941\" srcset=\"https:\/\/sloneczkobb.pl\/wp-content\/uploads\/2025\/11\/3b426261-3d18-49b3-865b-f2da8ef3c26d.jpeg 940w, https:\/\/sloneczkobb.pl\/wp-content\/uploads\/2025\/11\/3b426261-3d18-49b3-865b-f2da8ef3c26d-300x251.jpeg 300w, https:\/\/sloneczkobb.pl\/wp-content\/uploads\/2025\/11\/3b426261-3d18-49b3-865b-f2da8ef3c26d-768x644.jpeg 768w, https:\/\/sloneczkobb.pl\/wp-content\/uploads\/2025\/11\/3b426261-3d18-49b3-865b-f2da8ef3c26d-580x486.jpeg 580w, https:\/\/sloneczkobb.pl\/wp-content\/uploads\/2025\/11\/3b426261-3d18-49b3-865b-f2da8ef3c26d-860x721.jpeg 860w, https:\/\/sloneczkobb.pl\/wp-content\/uploads\/2025\/11\/3b426261-3d18-49b3-865b-f2da8ef3c26d-24x20.jpeg 24w, https:\/\/sloneczkobb.pl\/wp-content\/uploads\/2025\/11\/3b426261-3d18-49b3-865b-f2da8ef3c26d-36x30.jpeg 36w, https:\/\/sloneczkobb.pl\/wp-content\/uploads\/2025\/11\/3b426261-3d18-49b3-865b-f2da8ef3c26d-48x40.jpeg 48w\" sizes=\"(max-width: 940px) 100vw, 940px\" \/><\/figure>\n<\/figure>\n","protected":false},"excerpt":{"rendered":"<p>Przed nami Narodowe \u015awi\u0119to Niepodleg\u0142o\u015bci. Nasze przedszkole bierze udzia\u0142 we wsp\u00f3lnym od\u015bpiewaniu \u201eMazurka D\u0105browskiego\u201d. W dniu 7 listopada o godzinie 11:11 wsp\u00f3lnie od\u015bpiewamy hymn.<\/p>\n","protected":false},"author":2,"featured_media":0,"comment_status":"open","ping_status":"open","sticky":false,"template":"","format":"standard","meta":{"_monsterinsights_skip_tracking":false,"_monsterinsights_sitenote_active":false,"_monsterinsights_sitenote_note":"","_monsterinsights_sitenote_category":0,"footnotes":""},"categories":[1],"tags":[],"class_list":["post-940","post","type-post","status-publish","format-standard","hentry","category-aktualnosci"],"yoast_head":"<!-- This site is optimized with the Yoast SEO plugin v23.1 - https:\/\/yoast.com\/wordpress\/plugins\/seo\/ -->\n<title>przedszkole do hymnu - Niepubliczne Przedszkole S\u0142oneczko<\/title>\n<meta name=\"robots\" content=\"index, follow, max-snippet:-1, max-image-preview:large, max-video-preview:-1\" \/>\n<link rel=\"canonical\" href=\"https:\/\/sloneczkobb.pl\/index.php\/2025\/11\/03\/przedszkole-do-hymnu\/\" \/>\n<meta property=\"og:locale\" content=\"pl_PL\" \/>\n<meta property=\"og:type\" content=\"article\" \/>\n<meta property=\"og:title\" content=\"przedszkole do hymnu - Niepubliczne Przedszkole S\u0142oneczko\" \/>\n<meta property=\"og:description\" content=\"Przed nami Narodowe \u015awi\u0119to Niepodleg\u0142o\u015bci. Nasze przedszkole bierze udzia\u0142 we wsp\u00f3lnym od\u015bpiewaniu \u201eMazurka D\u0105browskiego\u201d. W dniu 7 listopada o godzinie 11:11 wsp\u00f3lnie od\u015bpiewamy hymn.\" \/>\n<meta property=\"og:url\" content=\"https:\/\/sloneczkobb.pl\/index.php\/2025\/11\/03\/przedszkole-do-hymnu\/\" \/>\n<meta property=\"og:site_name\" content=\"Niepubliczne Przedszkole S\u0142oneczko\" \/>\n<meta property=\"article:published_time\" content=\"2025-11-03T08:49:23+00:00\" \/>\n<meta property=\"article:modified_time\" content=\"2025-11-03T08:49:24+00:00\" \/>\n<meta property=\"og:image\" content=\"https:\/\/sloneczkobb.pl\/wp-content\/uploads\/2025\/11\/3b426261-3d18-49b3-865b-f2da8ef3c26d.jpeg\" \/>\n<meta name=\"author\" content=\"Izabela Wiercigroch\" \/>\n<meta name=\"twitter:card\" content=\"summary_large_image\" \/>\n<meta name=\"twitter:label1\" content=\"Napisane przez\" \/>\n\t<meta name=\"twitter:data1\" content=\"Izabela Wiercigroch\" \/>\n\t<meta name=\"twitter:label2\" content=\"Szacowany czas czytania\" \/>\n\t<meta name=\"twitter:data2\" content=\"1 minuta\" \/>\n<script type=\"application\/ld+json\" class=\"yoast-schema-graph\">{\"@context\":\"https:\/\/schema.org\",\"@graph\":[{\"@type\":\"WebPage\",\"@id\":\"https:\/\/sloneczkobb.pl\/index.php\/2025\/11\/03\/przedszkole-do-hymnu\/\",\"url\":\"https:\/\/sloneczkobb.pl\/index.php\/2025\/11\/03\/przedszkole-do-hymnu\/\",\"name\":\"przedszkole do hymnu - Niepubliczne Przedszkole S\u0142oneczko\",\"isPartOf\":{\"@id\":\"https:\/\/sloneczkobb.pl\/#website\"},\"primaryImageOfPage\":{\"@id\":\"https:\/\/sloneczkobb.pl\/index.php\/2025\/11\/03\/przedszkole-do-hymnu\/#primaryimage\"},\"image\":{\"@id\":\"https:\/\/sloneczkobb.pl\/index.php\/2025\/11\/03\/przedszkole-do-hymnu\/#primaryimage\"},\"thumbnailUrl\":\"https:\/\/sloneczkobb.pl\/wp-content\/uploads\/2025\/11\/3b426261-3d18-49b3-865b-f2da8ef3c26d.jpeg\",\"datePublished\":\"2025-11-03T08:49:23+00:00\",\"dateModified\":\"2025-11-03T08:49:24+00:00\",\"author\":{\"@id\":\"https:\/\/sloneczkobb.pl\/#\/schema\/person\/1b457d1a2a9c50271f044b6faa5599d0\"},\"breadcrumb\":{\"@id\":\"https:\/\/sloneczkobb.pl\/index.php\/2025\/11\/03\/przedszkole-do-hymnu\/#breadcrumb\"},\"inLanguage\":\"pl-PL\",\"potentialAction\":[{\"@type\":\"ReadAction\",\"target\":[\"https:\/\/sloneczkobb.pl\/index.php\/2025\/11\/03\/przedszkole-do-hymnu\/\"]}]},{\"@type\":\"ImageObject\",\"inLanguage\":\"pl-PL\",\"@id\":\"https:\/\/sloneczkobb.pl\/index.php\/2025\/11\/03\/przedszkole-do-hymnu\/#primaryimage\",\"url\":\"https:\/\/sloneczkobb.pl\/wp-content\/uploads\/2025\/11\/3b426261-3d18-49b3-865b-f2da8ef3c26d.jpeg\",\"contentUrl\":\"https:\/\/sloneczkobb.pl\/wp-content\/uploads\/2025\/11\/3b426261-3d18-49b3-865b-f2da8ef3c26d.jpeg\",\"width\":940,\"height\":788},{\"@type\":\"BreadcrumbList\",\"@id\":\"https:\/\/sloneczkobb.pl\/index.php\/2025\/11\/03\/przedszkole-do-hymnu\/#breadcrumb\",\"itemListElement\":[{\"@type\":\"ListItem\",\"position\":1,\"name\":\"Start\",\"item\":\"https:\/\/sloneczkobb.pl\/\"},{\"@type\":\"ListItem\",\"position\":2,\"name\":\"przedszkole do hymnu\"}]},{\"@type\":\"WebSite\",\"@id\":\"https:\/\/sloneczkobb.pl\/#website\",\"url\":\"https:\/\/sloneczkobb.pl\/\",\"name\":\"Niepubliczne Przedszkole S\u0142oneczko\",\"description\":\"S\u0142oneczko \u015bwieci dla ma\u0142ych dzieci\",\"potentialAction\":[{\"@type\":\"SearchAction\",\"target\":{\"@type\":\"EntryPoint\",\"urlTemplate\":\"https:\/\/sloneczkobb.pl\/?s={search_term_string}\"},\"query-input\":\"required name=search_term_string\"}],\"inLanguage\":\"pl-PL\"},{\"@type\":\"Person\",\"@id\":\"https:\/\/sloneczkobb.pl\/#\/schema\/person\/1b457d1a2a9c50271f044b6faa5599d0\",\"name\":\"Izabela Wiercigroch\",\"image\":{\"@type\":\"ImageObject\",\"inLanguage\":\"pl-PL\",\"@id\":\"https:\/\/sloneczkobb.pl\/#\/schema\/person\/image\/\",\"url\":\"https:\/\/secure.gravatar.com\/avatar\/7374878250d329f4e6c376fff6bb436c919bd0fa8d7e4b202418efbd630ffeac?s=96&d=mm&r=g\",\"contentUrl\":\"https:\/\/secure.gravatar.com\/avatar\/7374878250d329f4e6c376fff6bb436c919bd0fa8d7e4b202418efbd630ffeac?s=96&d=mm&r=g\",\"caption\":\"Izabela Wiercigroch\"},\"url\":\"https:\/\/sloneczkobb.pl\/index.php\/author\/paniza\/\"}]}<\/script>\n<!-- \/ Yoast SEO plugin. -->","yoast_head_json":{"title":"przedszkole do hymnu - Niepubliczne Przedszkole S\u0142oneczko","robots":{"index":"index","follow":"follow","max-snippet":"max-snippet:-1","max-image-preview":"max-image-preview:large","max-video-preview":"max-video-preview:-1"},"canonical":"https:\/\/sloneczkobb.pl\/index.php\/2025\/11\/03\/przedszkole-do-hymnu\/","og_locale":"pl_PL","og_type":"article","og_title":"przedszkole do hymnu - Niepubliczne Przedszkole S\u0142oneczko","og_description":"Przed nami Narodowe \u015awi\u0119to Niepodleg\u0142o\u015bci. Nasze przedszkole bierze udzia\u0142 we wsp\u00f3lnym od\u015bpiewaniu \u201eMazurka D\u0105browskiego\u201d. W dniu 7 listopada o godzinie 11:11 wsp\u00f3lnie od\u015bpiewamy hymn.","og_url":"https:\/\/sloneczkobb.pl\/index.php\/2025\/11\/03\/przedszkole-do-hymnu\/","og_site_name":"Niepubliczne Przedszkole S\u0142oneczko","article_published_time":"2025-11-03T08:49:23+00:00","article_modified_time":"2025-11-03T08:49:24+00:00","og_image":[{"url":"https:\/\/sloneczkobb.pl\/wp-content\/uploads\/2025\/11\/3b426261-3d18-49b3-865b-f2da8ef3c26d.jpeg"}],"author":"Izabela Wiercigroch","twitter_card":"summary_large_image","twitter_misc":{"Napisane przez":"Izabela Wiercigroch","Szacowany czas czytania":"1 minuta"},"schema":{"@context":"https:\/\/schema.org","@graph":[{"@type":"WebPage","@id":"https:\/\/sloneczkobb.pl\/index.php\/2025\/11\/03\/przedszkole-do-hymnu\/","url":"https:\/\/sloneczkobb.pl\/index.php\/2025\/11\/03\/przedszkole-do-hymnu\/","name":"przedszkole do hymnu - Niepubliczne Przedszkole S\u0142oneczko","isPartOf":{"@id":"https:\/\/sloneczkobb.pl\/#website"},"primaryImageOfPage":{"@id":"https:\/\/sloneczkobb.pl\/index.php\/2025\/11\/03\/przedszkole-do-hymnu\/#primaryimage"},"image":{"@id":"https:\/\/sloneczkobb.pl\/index.php\/2025\/11\/03\/przedszkole-do-hymnu\/#primaryimage"},"thumbnailUrl":"https:\/\/sloneczkobb.pl\/wp-content\/uploads\/2025\/11\/3b426261-3d18-49b3-865b-f2da8ef3c26d.jpeg","datePublished":"2025-11-03T08:49:23+00:00","dateModified":"2025-11-03T08:49:24+00:00","author":{"@id":"https:\/\/sloneczkobb.pl\/#\/schema\/person\/1b457d1a2a9c50271f044b6faa5599d0"},"breadcrumb":{"@id":"https:\/\/sloneczkobb.pl\/index.php\/2025\/11\/03\/przedszkole-do-hymnu\/#breadcrumb"},"inLanguage":"pl-PL","potentialAction":[{"@type":"ReadAction","target":["https:\/\/sloneczkobb.pl\/index.php\/2025\/11\/03\/przedszkole-do-hymnu\/"]}]},{"@type":"ImageObject","inLanguage":"pl-PL","@id":"https:\/\/sloneczkobb.pl\/index.php\/2025\/11\/03\/przedszkole-do-hymnu\/#primaryimage","url":"https:\/\/sloneczkobb.pl\/wp-content\/uploads\/2025\/11\/3b426261-3d18-49b3-865b-f2da8ef3c26d.jpeg","contentUrl":"https:\/\/sloneczkobb.pl\/wp-content\/uploads\/2025\/11\/3b426261-3d18-49b3-865b-f2da8ef3c26d.jpeg","width":940,"height":788},{"@type":"BreadcrumbList","@id":"https:\/\/sloneczkobb.pl\/index.php\/2025\/11\/03\/przedszkole-do-hymnu\/#breadcrumb","itemListElement":[{"@type":"ListItem","position":1,"name":"Start","item":"https:\/\/sloneczkobb.pl\/"},{"@type":"ListItem","position":2,"name":"przedszkole do hymnu"}]},{"@type":"WebSite","@id":"https:\/\/sloneczkobb.pl\/#website","url":"https:\/\/sloneczkobb.pl\/","name":"Niepubliczne Przedszkole S\u0142oneczko","description":"S\u0142oneczko \u015bwieci dla ma\u0142ych dzieci","potentialAction":[{"@type":"SearchAction","target":{"@type":"EntryPoint","urlTemplate":"https:\/\/sloneczkobb.pl\/?s={search_term_string}"},"query-input":"required name=search_term_string"}],"inLanguage":"pl-PL"},{"@type":"Person","@id":"https:\/\/sloneczkobb.pl\/#\/schema\/person\/1b457d1a2a9c50271f044b6faa5599d0","name":"Izabela Wiercigroch","image":{"@type":"ImageObject","inLanguage":"pl-PL","@id":"https:\/\/sloneczkobb.pl\/#\/schema\/person\/image\/","url":"https:\/\/secure.gravatar.com\/avatar\/7374878250d329f4e6c376fff6bb436c919bd0fa8d7e4b202418efbd630ffeac?s=96&d=mm&r=g","contentUrl":"https:\/\/secure.gravatar.com\/avatar\/7374878250d329f4e6c376fff6bb436c919bd0fa8d7e4b202418efbd630ffeac?s=96&d=mm&r=g","caption":"Izabela Wiercigroch"},"url":"https:\/\/sloneczkobb.pl\/index.php\/author\/paniza\/"}]}},"_links":{"self":[{"href":"https:\/\/sloneczkobb.pl\/index.php\/wp-json\/wp\/v2\/posts\/940","targetHints":{"allow":["GET"]}}],"collection":[{"href":"https:\/\/sloneczkobb.pl\/index.php\/wp-json\/wp\/v2\/posts"}],"about":[{"href":"https:\/\/sloneczkobb.pl\/index.php\/wp-json\/wp\/v2\/types\/post"}],"author":[{"embeddable":true,"href":"https:\/\/sloneczkobb.pl\/index.php\/wp-json\/wp\/v2\/users\/2"}],"replies":[{"embeddable":true,"href":"https:\/\/sloneczkobb.pl\/index.php\/wp-json\/wp\/v2\/comments?post=940"}],"version-history":[{"count":1,"href":"https:\/\/sloneczkobb.pl\/index.php\/wp-json\/wp\/v2\/posts\/940\/revisions"}],"predecessor-version":[{"id":942,"href":"https:\/\/sloneczkobb.pl\/index.php\/wp-json\/wp\/v2\/posts\/940\/revisions\/942"}],"wp:attachment":[{"href":"https:\/\/sloneczkobb.pl\/index.php\/wp-json\/wp\/v2\/media?parent=940"}],"wp:term":[{"taxonomy":"category","embeddable":true,"href":"https:\/\/sloneczkobb.pl\/index.php\/wp-json\/wp\/v2\/categories?post=940"},{"taxonomy":"post_tag","embeddable":true,"href":"https:\/\/sloneczkobb.pl\/index.php\/wp-json\/wp\/v2\/tags?post=940"}],"curies":[{"name":"wp","href":"https:\/\/api.w.org\/{rel}","templated":true}]}}